{"id":5013,"date":"2020-10-26T14:22:01","date_gmt":"2020-10-26T14:22:01","guid":{"rendered":"https:\/\/przedszkole423.pl\/?p=5013"},"modified":"2020-11-03T13:08:29","modified_gmt":"2020-11-03T13:08:29","slug":"5013","status":"publish","type":"post","link":"https:\/\/przedszkole423.pl\/?p=5013","title":{"rendered":""},"content":{"rendered":"\n<p>Drodzy Rodzice<\/p>\n\n\n\n<p>W zwi\u0105zku z panuj\u0105cymi obostrzeniami zebranie z dnia 28.10 (\u015broda) zostaje odwo\u0142ane.<\/p>\n","protected":false},"excerpt":{"rendered":"<p>Drodzy Rodzice W zwi\u0105zku z panuj\u0105cymi obostrzeniami zebranie z dnia 28.10 (\u015broda) zostaje odwo\u0142ane.<\/p>\n","protected":false},"author":1,"featured_media":5015,"comment_status":"closed","ping_status":"closed","sticky":false,"template":"","format":"standard","meta":{"footnotes":""},"categories":[1],"tags":[],"class_list":["post-5013","post","type-post","status-publish","format-standard","has-post-thumbnail","hentry","category-uncategorized"],"_links":{"self":[{"href":"https:\/\/przedszkole423.pl\/index.php?rest_route=\/wp\/v2\/posts\/5013","targetHints":{"allow":["GET"]}}],"collection":[{"href":"https:\/\/przedszkole423.pl\/index.php?rest_route=\/wp\/v2\/posts"}],"about":[{"href":"https:\/\/przedszkole423.pl\/index.php?rest_route=\/wp\/v2\/types\/post"}],"author":[{"embeddable":true,"href":"https:\/\/przedszkole423.pl\/index.php?rest_route=\/wp\/v2\/users\/1"}],"replies":[{"embeddable":true,"href":"https:\/\/przedszkole423.pl\/index.php?rest_route=%2Fwp%2Fv2%2Fcomments&post=5013"}],"version-history":[{"count":1,"href":"https:\/\/przedszkole423.pl\/index.php?rest_route=\/wp\/v2\/posts\/5013\/revisions"}],"predecessor-version":[{"id":5016,"href":"https:\/\/przedszkole423.pl\/index.php?rest_route=\/wp\/v2\/posts\/5013\/revisions\/5016"}],"wp:featuredmedia":[{"embeddable":true,"href":"https:\/\/przedszkole423.pl\/index.php?rest_route=\/wp\/v2\/media\/5015"}],"wp:attachment":[{"href":"https:\/\/przedszkole423.pl\/index.php?rest_route=%2Fwp%2Fv2%2Fmedia&parent=5013"}],"wp:term":[{"taxonomy":"category","embeddable":true,"href":"https:\/\/przedszkole423.pl\/index.php?rest_route=%2Fwp%2Fv2%2Fcategories&post=5013"},{"taxonomy":"post_tag","embeddable":true,"href":"https:\/\/przedszkole423.pl\/index.php?rest_route=%2Fwp%2Fv2%2Ftags&post=5013"}],"curies":[{"name":"wp","href":"https:\/\/api.w.org\/{rel}","templated":true}]}}