{"id":8385,"date":"2025-06-13T10:47:31","date_gmt":"2025-06-13T10:47:31","guid":{"rendered":"https:\/\/przedszkole423.pl\/?p=8385"},"modified":"2025-06-26T13:13:34","modified_gmt":"2025-06-26T13:13:34","slug":"magiczna-moc-bajek","status":"publish","type":"post","link":"https:\/\/przedszkole423.pl\/?p=8385","title":{"rendered":"Magiczna moc bajek"},"content":{"rendered":"\n<p>Przez ca\u0142y rok szkolny w Misiach promowali\u015bmy czytelnictwo.&nbsp; Dzieci realizowa\u0142y og\u00f3lnopolski projekt edukacyjny ,, Magiczna moc bajek\u201d. Ka\u017cdy miesi\u0105c by\u0142 okazj\u0105 do zapoznania dzieci z bajkami z minionych lat. Tematyka poruszana w tym roku to min. &nbsp;szanuj\u0119 drugiego cz\u0142owieka, prawdziwy przyjaciel, inny nie znaczy gorszy, jeste\u015bmy razem pomagamy sobie nawzajem, \u017cyczliwo\u015b\u0107 si\u0119 op\u0142aca, \u015bladami przesz\u0142o\u015bci &#8211; tropem tradycji, mali stra\u017cnicy przyrody, Polska to taka kraina,&nbsp; kt\u00f3ra si\u0119 w sercu zaczyna &#8211; rodzina i patriotyzm.<\/p>\n\n\n\n<p>&nbsp;Dzi\u0119kujemy naszym wspania\u0142ym rodzicom za w\u0142\u0105czenie si\u0119 w akcj\u0119 czytelnicz\u0105 poprzez udzia\u0142 w ,,Podwieczorku z ksi\u0105\u017ck\u0105\u201d. Ka\u017cda wizyta rodzica w naszej grupie, &nbsp;by\u0142a przemi\u0142ym spotkaniem z literatur\u0105 pi\u0119kn\u0105 dla dzieci.<\/p>\n\n\n\n\r\n    <style>\r\n        #weblizar_8405 .wrgf-header-label {\r\n            color: #FFFFFF !important;\r\n        }\r\n\r\n        #weblizar_8405 .wrgf-footer-label {\r\n            color: #000000 !important;\r\n            font-size: 16px;\r\n            margin-bottom: 5px;\r\n            margin-top: 5px;\r\n            text-align: center;\r\n            font-weight: normal;\r\n        }\r\n\r\n        #weblizar_8405 .b-link-stroke .b-top-line {\r\n            background: rgba(10, 194, 210, 0.5);\r\n        }\r\n\r\n        #weblizar_8405 .b-link-stroke .b-bottom-line {\r\n            background: rgba(10, 194, 210, 0.5);\r\n        }\r\n\r\n        #weblizar_8405 .b-wrapper {\r\n            font-family: Arial;\r\n       \r\n        }\r\n\r\n        #weblizar_8405 .wrgf-header-label {\r\n            font-family: Arial !important;\r\n   \r\n        }\r\n\r\n        #weblizar_8405 .wrgf-footer-label {\r\n            font-family: Arial !important;\r\n    \r\n        }\r\n\r\n        @media (min-width: 992px) {\r\n            .col-md-6 {\r\n                width: 48% !important;\r\n                padding-right: 5px;\r\n                padding-left: 5px;\r\n                float: left;\r\n            }\r\n\r\n            .col-md-4 {\r\n                width: 33.30% !important;\r\n                padding-right: 10px;\r\n                padding-left: 10px;\r\n            }\r\n\r\n            .col-md-3 {\r\n                width: 24.90% !important;\r\n                padding-right: 10px;\r\n                padding-left: 10px;\r\n            }\r\n        }\r\n\r\n                @media (max-width: 992px) {\r\n            #weblizar_8405 .wrgf-header-label {\r\n                display: none;\r\n            }\r\n        }\r\n\r\n        @media (min-width: 993px) {\r\n            #weblizar_8405 .wrgf-footer-label {\r\n                display: none;\r\n            }\r\n        }\r\n\r\n                #weblizar_8405 a {\r\n            border-bottom: none;\r\n            overflow: hidden;\r\n            float: left;\r\n            margin-right: 0px;\r\n            padding-left: 0px;\r\n        }        \r\n\r\n            <\/style>\r\n\r\n\t    <div class=\"gal-container\">\r\n\t\t            <!--get the post id-->\r\n\t\t\t\r\n\t\t\t                <!-- gallery title -->\r\n                <div style=\"font-weight: bolder; padding-bottom:10px; border-bottom:2px solid #cccccc; margin-bottom:20px; font-size:24px; font-family: Arial\">\r\n\t\t\t\t\tOdwiedziny w grupie Misie                <\/div>\r\n\t\t\t\r\n            <div class=\"gallery1\" id=\"weblizar_8405\">\r\n\t\t\t\t                    <div class=\"col-md-6 col-sm-6 wl-gallery\">\r\n                        <div class=\"b-link-stroke b-animate-go\">\r\n\r\n\t\t\t\t\t\t\t                            <a alt=\"\" class=\"swipebox\" href=\"https:\/\/przedszkole423.pl\/wp-content\/uploads\/2025\/06\/20250404_150334.jpg\"\r\n                               title=\"\">\r\n                                <img decoding=\"async\" src=\"https:\/\/przedszkole423.pl\/wp-content\/uploads\/2025\/06\/20250404_150334-500x500.jpg\" class=\"gall-img-responsive\"\r\n                                     alt=\"20250404_150334\">\r\n                                <div class=\"b-wrapper\">\r\n\t\t\t\t\t\t\t\t\t\t\t\t\t\t\t\t\t\t\t                                            <h2 class=\"b-from-left b-animate b-delay03 wrgf-header-label\"> <\/h2>\r\n\t\t\t\t\t\t\t\t\t\t\t\t\t\t\t\t\t\t\t                                <\/div>\r\n                            <\/a>\r\n\t\t\t\t\t\t\t                        <\/div>\r\n\t\t\t\t\t\t                            <h4 class=\"wrgf-footer-label\"><\/h4>\r\n\t\t\t\t\t\t                    <\/div>\r\n\t\t\t\t\t                    <div class=\"col-md-6 col-sm-6 wl-gallery\">\r\n                        <div class=\"b-link-stroke b-animate-go\">\r\n\r\n\t\t\t\t\t\t\t                            <a alt=\"\" class=\"swipebox\" href=\"https:\/\/przedszkole423.pl\/wp-content\/uploads\/2025\/06\/att.CaS48Kj__kleF7jczYPhp8C_Ynj5.jpg\"\r\n                               title=\"\">\r\n                                <img decoding=\"async\" src=\"https:\/\/przedszkole423.pl\/wp-content\/uploads\/2025\/06\/att.CaS48Kj__kleF7jczYPhp8C_Ynj5-500x500.jpg\" class=\"gall-img-responsive\"\r\n                                     alt=\"att.CaS48Kj__kleF7jczYPhp8C_Ynj5\">\r\n                                <div class=\"b-wrapper\">\r\n\t\t\t\t\t\t\t\t\t\t\t\t\t\t\t\t\t\t\t                                            <h2 class=\"b-from-left b-animate b-delay03 wrgf-header-label\"> <\/h2>\r\n\t\t\t\t\t\t\t\t\t\t\t\t\t\t\t\t\t\t\t                                <\/div>\r\n                            <\/a>\r\n\t\t\t\t\t\t\t                        <\/div>\r\n\t\t\t\t\t\t                            <h4 class=\"wrgf-footer-label\"><\/h4>\r\n\t\t\t\t\t\t                    <\/div>\r\n\t\t\t\t\t                    <div class=\"col-md-6 col-sm-6 wl-gallery\">\r\n                        <div class=\"b-link-stroke b-animate-go\">\r\n\r\n\t\t\t\t\t\t\t                            <a alt=\"\" class=\"swipebox\" href=\"https:\/\/przedszkole423.pl\/wp-content\/uploads\/2025\/06\/20250509_150058.jpg\"\r\n                               title=\"\">\r\n                                <img decoding=\"async\" src=\"https:\/\/przedszkole423.pl\/wp-content\/uploads\/2025\/06\/20250509_150058-500x500.jpg\" class=\"gall-img-responsive\"\r\n                                     alt=\"20250509_150058\">\r\n                                <div class=\"b-wrapper\">\r\n\t\t\t\t\t\t\t\t\t\t\t\t\t\t\t\t\t\t\t                                            <h2 class=\"b-from-left b-animate b-delay03 wrgf-header-label\"> <\/h2>\r\n\t\t\t\t\t\t\t\t\t\t\t\t\t\t\t\t\t\t\t                                <\/div>\r\n                            <\/a>\r\n\t\t\t\t\t\t\t                        <\/div>\r\n\t\t\t\t\t\t                            <h4 class=\"wrgf-footer-label\"><\/h4>\r\n\t\t\t\t\t\t                    <\/div>\r\n\t\t\t\t\t                    <div class=\"col-md-6 col-sm-6 wl-gallery\">\r\n                        <div class=\"b-link-stroke b-animate-go\">\r\n\r\n\t\t\t\t\t\t\t                            <a alt=\"\" class=\"swipebox\" href=\"https:\/\/przedszkole423.pl\/wp-content\/uploads\/2025\/06\/att.2dEKCNKp8RIjYGn6s63vFEUMoX5Q-1.jpg\"\r\n                               title=\"\">\r\n                                <img decoding=\"async\" src=\"https:\/\/przedszkole423.pl\/wp-content\/uploads\/2025\/06\/att.2dEKCNKp8RIjYGn6s63vFEUMoX5Q-1-500x500.jpg\" class=\"gall-img-responsive\"\r\n                                     alt=\"att.2dEKCNKp8RIjYGn6s63vFEUMoX5Q (1)\">\r\n                                <div class=\"b-wrapper\">\r\n\t\t\t\t\t\t\t\t\t\t\t\t\t\t\t\t\t\t\t                                            <h2 class=\"b-from-left b-animate b-delay03 wrgf-header-label\"> <\/h2>\r\n\t\t\t\t\t\t\t\t\t\t\t\t\t\t\t\t\t\t\t                                <\/div>\r\n                            <\/a>\r\n\t\t\t\t\t\t\t                        <\/div>\r\n\t\t\t\t\t\t                            <h4 class=\"wrgf-footer-label\"><\/h4>\r\n\t\t\t\t\t\t                    <\/div>\r\n\t\t\t\t\t                    <div class=\"col-md-6 col-sm-6 wl-gallery\">\r\n                        <div class=\"b-link-stroke b-animate-go\">\r\n\r\n\t\t\t\t\t\t\t                            <a alt=\"\" class=\"swipebox\" href=\"https:\/\/przedszkole423.pl\/wp-content\/uploads\/2025\/06\/att.5B8MV2K61wD6X6nEGh3dgKv3MTF4.jpg\"\r\n                               title=\"\">\r\n                                <img decoding=\"async\" src=\"https:\/\/przedszkole423.pl\/wp-content\/uploads\/2025\/06\/att.5B8MV2K61wD6X6nEGh3dgKv3MTF4-500x500.jpg\" class=\"gall-img-responsive\"\r\n                                     alt=\"att.5B8MV2K61wD6X6nEGh3dgKv3MTF4\">\r\n                                <div class=\"b-wrapper\">\r\n\t\t\t\t\t\t\t\t\t\t\t\t\t\t\t\t\t\t\t                                            <h2 class=\"b-from-left b-animate b-delay03 wrgf-header-label\"> <\/h2>\r\n\t\t\t\t\t\t\t\t\t\t\t\t\t\t\t\t\t\t\t                                <\/div>\r\n                            <\/a>\r\n\t\t\t\t\t\t\t                        <\/div>\r\n\t\t\t\t\t\t                            <h4 class=\"wrgf-footer-label\"><\/h4>\r\n\t\t\t\t\t\t                    <\/div>\r\n\t\t\t\t\t                    <div class=\"col-md-6 col-sm-6 wl-gallery\">\r\n                        <div class=\"b-link-stroke b-animate-go\">\r\n\r\n\t\t\t\t\t\t\t                            <a alt=\"\" class=\"swipebox\" href=\"https:\/\/przedszkole423.pl\/wp-content\/uploads\/2025\/06\/att.eRxzQdxv1RKYO68QPNf0dhP5IPtV.jpg\"\r\n                               title=\"\">\r\n                                <img decoding=\"async\" src=\"https:\/\/przedszkole423.pl\/wp-content\/uploads\/2025\/06\/att.eRxzQdxv1RKYO68QPNf0dhP5IPtV-500x500.jpg\" class=\"gall-img-responsive\"\r\n                                     alt=\"att.eRxzQdxv1RKYO68QPNf0dhP5IPtV\">\r\n                                <div class=\"b-wrapper\">\r\n\t\t\t\t\t\t\t\t\t\t\t\t\t\t\t\t\t\t\t                                            <h2 class=\"b-from-left b-animate b-delay03 wrgf-header-label\"> <\/h2>\r\n\t\t\t\t\t\t\t\t\t\t\t\t\t\t\t\t\t\t\t                                <\/div>\r\n                            <\/a>\r\n\t\t\t\t\t\t\t                        <\/div>\r\n\t\t\t\t\t\t                            <h4 class=\"wrgf-footer-label\"><\/h4>\r\n\t\t\t\t\t\t                    <\/div>\r\n\t\t\t\t\t                    <div class=\"col-md-6 col-sm-6 wl-gallery\">\r\n                        <div class=\"b-link-stroke b-animate-go\">\r\n\r\n\t\t\t\t\t\t\t                            <a alt=\"\" class=\"swipebox\" href=\"https:\/\/przedszkole423.pl\/wp-content\/uploads\/2025\/06\/att.L53uUhKYMTiRs0Z7GrI6dCZGzR4u.jpg\"\r\n                               title=\"\">\r\n                                <img decoding=\"async\" src=\"https:\/\/przedszkole423.pl\/wp-content\/uploads\/2025\/06\/att.L53uUhKYMTiRs0Z7GrI6dCZGzR4u-500x500.jpg\" class=\"gall-img-responsive\"\r\n                                     alt=\"att.L53uUhKYMTiRs0Z7GrI6dCZGzR4u\">\r\n                                <div class=\"b-wrapper\">\r\n\t\t\t\t\t\t\t\t\t\t\t\t\t\t\t\t\t\t\t                                            <h2 class=\"b-from-left b-animate b-delay03 wrgf-header-label\"> <\/h2>\r\n\t\t\t\t\t\t\t\t\t\t\t\t\t\t\t\t\t\t\t                                <\/div>\r\n                            <\/a>\r\n\t\t\t\t\t\t\t                        <\/div>\r\n\t\t\t\t\t\t                            <h4 class=\"wrgf-footer-label\"><\/h4>\r\n\t\t\t\t\t\t                    <\/div>\r\n\t\t\t\t\t                    <div class=\"col-md-6 col-sm-6 wl-gallery\">\r\n                        <div class=\"b-link-stroke b-animate-go\">\r\n\r\n\t\t\t\t\t\t\t                            <a alt=\"\" class=\"swipebox\" href=\"https:\/\/przedszkole423.pl\/wp-content\/uploads\/2025\/06\/att.GfGMGICAX24vj72GIc4LlwWcnPHd.jpg\"\r\n                               title=\"\">\r\n                                <img decoding=\"async\" src=\"https:\/\/przedszkole423.pl\/wp-content\/uploads\/2025\/06\/att.GfGMGICAX24vj72GIc4LlwWcnPHd-500x500.jpg\" class=\"gall-img-responsive\"\r\n                                     alt=\"att.GfGMGICAX24vj72GIc4LlwWcnPHd\">\r\n                                <div class=\"b-wrapper\">\r\n\t\t\t\t\t\t\t\t\t\t\t\t\t\t\t\t\t\t\t                                            <h2 class=\"b-from-left b-animate b-delay03 wrgf-header-label\"> <\/h2>\r\n\t\t\t\t\t\t\t\t\t\t\t\t\t\t\t\t\t\t\t                                <\/div>\r\n                            <\/a>\r\n\t\t\t\t\t\t\t                        <\/div>\r\n\t\t\t\t\t\t                            <h4 class=\"wrgf-footer-label\"><\/h4>\r\n\t\t\t\t\t\t                    <\/div>\r\n\t\t\t\t\t            <\/div>\r\n\t\t    <\/div>\r\n\r\n    <!-- swipe box-->\r\n    <script type=\"text\/javascript\">\r\n      (function (jQuery) {\r\n\t\t\tjQuery(window).imagesLoaded(function () {\r\n\t\t\tjQuery( window ).load(function() {\r\n   \t\t\tjQuery('.gallery1').masonry({\r\n                itemSelector: '.wl-gallery',\r\n                isAnimated: true,\r\n                isFitWidth: true\r\n            });\r\n\t\t}); });\r\n\t\t\t\/\/ jQuery('.gallery1').imagesLoaded(function () {\r\n   \/\/          jQuery('.gallery1').masonry({\r\n   \/\/              itemSelector: '.wl-gallery',\r\n   \/\/              isAnimated: true,\r\n   \/\/              isFitWidth: true\r\n   \/\/          });\r\n   \/\/      });\r\n        \tjQuery('.swipebox').imagesLoaded(function () {\r\n            jQuery('.swipebox').swipebox({\r\n                hideBarsDelay: 0,\r\n                hideCloseButtonOnMobile: false,\r\n            });\r\n             });\r\n\/\/         \t     jQuery('.gallery1').imagesLoaded(function () {\r\n\/\/             jQuery('.gallery1').masonry({\r\n\/\/                 itemSelector: '.wl-gallery',\r\n\/\/                 isAnimated: true,\r\n\/\/                 isFitWidth: true\r\n\/\/             });\r\n\/\/         });\r\n        })(jQuery);\r\n\r\n        \/\/ jQuery('.gallery1').imagesLoaded(function () {\r\n        \/\/     jQuery('.gallery1').masonry({\r\n        \/\/         itemSelector: '.wl-gallery',\r\n        \/\/         isAnimated: true,\r\n        \/\/         isFitWidth: true\r\n        \/\/     });\r\n        \/\/ });\r\n    <\/script> \r\n   <!--  <script type=\"text\/javascript\">\r\n        ;(function (jQuery) {\r\n            jQuery('.swipebox').swipebox({\r\n                hideBarsDelay: 0,\r\n                hideCloseButtonOnMobile: false,\r\n            });\r\n        })(jQuery);\r\n\r\n        jQuery('.gallery1').imagesLoaded(function () {\r\n            jQuery('.gallery1').masonry({\r\n                itemSelector: '.wl-gallery',\r\n                isAnimated: true,\r\n                isFitWidth: true\r\n            });\r\n        });\r\n    <\/script> -->\r\n\r\n\t\n","protected":false},"excerpt":{"rendered":"<p>Przez ca\u0142y rok szkolny w Misiach promowali\u015bmy czytelnictwo.&nbsp; Dzieci realizowa\u0142y og\u00f3lnopolski projekt edukacyjny ,, Magiczna moc bajek\u201d. Ka\u017cdy miesi\u0105c by\u0142 okazj\u0105 do zapoznania dzieci z bajkami z minionych lat. Tematyka poruszana w tym roku to min. &nbsp;szanuj\u0119 drugiego cz\u0142owieka, prawdziwy &hellip; <\/p>\n","protected":false},"author":1,"featured_media":0,"comment_status":"closed","ping_status":"closed","sticky":false,"template":"","format":"standard","meta":{"footnotes":""},"categories":[1],"tags":[],"class_list":["post-8385","post","type-post","status-publish","format-standard","hentry","category-uncategorized"],"_links":{"self":[{"href":"https:\/\/przedszkole423.pl\/index.php?rest_route=\/wp\/v2\/posts\/8385","targetHints":{"allow":["GET"]}}],"collection":[{"href":"https:\/\/przedszkole423.pl\/index.php?rest_route=\/wp\/v2\/posts"}],"about":[{"href":"https:\/\/przedszkole423.pl\/index.php?rest_route=\/wp\/v2\/types\/post"}],"author":[{"embeddable":true,"href":"https:\/\/przedszkole423.pl\/index.php?rest_route=\/wp\/v2\/users\/1"}],"replies":[{"embeddable":true,"href":"https:\/\/przedszkole423.pl\/index.php?rest_route=%2Fwp%2Fv2%2Fcomments&post=8385"}],"version-history":[{"count":2,"href":"https:\/\/przedszkole423.pl\/index.php?rest_route=\/wp\/v2\/posts\/8385\/revisions"}],"predecessor-version":[{"id":8415,"href":"https:\/\/przedszkole423.pl\/index.php?rest_route=\/wp\/v2\/posts\/8385\/revisions\/8415"}],"wp:attachment":[{"href":"https:\/\/przedszkole423.pl\/index.php?rest_route=%2Fwp%2Fv2%2Fmedia&parent=8385"}],"wp:term":[{"taxonomy":"category","embeddable":true,"href":"https:\/\/przedszkole423.pl\/index.php?rest_route=%2Fwp%2Fv2%2Fcategories&post=8385"},{"taxonomy":"post_tag","embeddable":true,"href":"https:\/\/przedszkole423.pl\/index.php?rest_route=%2Fwp%2Fv2%2Ftags&post=8385"}],"curies":[{"name":"wp","href":"https:\/\/api.w.org\/{rel}","templated":true}]}}